{"id":2892,"date":"2026-01-30T20:02:20","date_gmt":"2026-01-30T19:02:20","guid":{"rendered":"https:\/\/landmannhof.de\/?p=2892"},"modified":"2026-01-30T20:02:21","modified_gmt":"2026-01-30T19:02:21","slug":"aktuelles-frisches-selbstgebackenes-brot-8","status":"publish","type":"post","link":"https:\/\/landmannhof.de\/?p=2892","title":{"rendered":"Aktuelles: Frisches selbstgebackenes Brot"},"content":{"rendered":"\n<p>Am <strong>Samstag, 07.02.2026<\/strong> gibt&#8217;s endlich wieder frisches selbstgebackenes Brot. Wir haben wieder unser beliebtes <strong>Bierbrot<\/strong>, sowie unser reines <strong>Dinkelvollkornbrot<\/strong> und auch das <strong>Emmer-Krustenbrot<\/strong> wieder im Angebot, so lange der Vorrat reicht.<\/p>\n\n\n\n<p>Gerne vorbestellen!<\/p>\n\n\n\n<p>Nat\u00fcrlich haben wir auch zur Faschingszeit wieder verschiedene <strong>Krapfen<\/strong> im Angebot. Gerne k\u00f6nnen auch welche vorbestellt werden. Bitte immer bis sp\u00e4testens Donnerstagvormittag f\u00fcr Samstag vorbestellen. Wenn Sie au\u00dferhalb unserer \u00d6ffnungszeiten Krapfen ben\u00f6tigen, melden Sie sich gerne bei uns.<\/p>\n\n\n\n<figure class=\"wp-block-image size-large is-resized\"><img fetchpriority=\"high\" decoding=\"async\" width=\"768\" height=\"1024\" src=\"https:\/\/landmannhof.de\/wp-content\/uploads\/2025\/05\/20210216_191217-edited-768x1024.jpg\" alt=\"\" class=\"wp-image-2775\" style=\"aspect-ratio:0.750013690378402;width:393px;height:auto\" srcset=\"https:\/\/landmannhof.de\/wp-content\/uploads\/2025\/05\/20210216_191217-edited-768x1024.jpg 768w, https:\/\/landmannhof.de\/wp-content\/uploads\/2025\/05\/20210216_191217-edited-225x300.jpg 225w, https:\/\/landmannhof.de\/wp-content\/uploads\/2025\/05\/20210216_191217-edited-1152x1536.jpg 1152w, https:\/\/landmannhof.de\/wp-content\/uploads\/2025\/05\/20210216_191217-edited-1536x2048.jpg 1536w, https:\/\/landmannhof.de\/wp-content\/uploads\/2025\/05\/20210216_191217-edited-480x640.jpg 480w, https:\/\/landmannhof.de\/wp-content\/uploads\/2025\/05\/20210216_191217-edited-scaled.jpg 1920w\" sizes=\"(max-width: 768px) 100vw, 768px\" \/><\/figure>\n","protected":false},"excerpt":{"rendered":"<p>Am Samstag, 07.02.2026 gibt&#8217;s endlich wieder frisches selbstgebackenes Brot. Wir haben wieder unser beliebtes Bierbrot, sowie unser reines Dinkelvollkornbrot und auch das Emmer-Krustenbrot wieder im Angebot, so lange der Vorrat reicht. Gerne vorbestellen! Nat\u00fcrlich haben wir auch zur Faschingszeit wieder verschiedene Krapfen im Angebot. Gerne k\u00f6nnen auch welche vorbestellt werden. Bitte immer bis sp\u00e4testens Donnerstagvormittag [&hellip;]<\/p>\n","protected":false},"author":2,"featured_media":0,"comment_status":"open","ping_status":"open","sticky":false,"template":"","format":"standard","meta":{"footnotes":""},"categories":[27],"tags":[],"class_list":["post-2892","post","type-post","status-publish","format-standard","hentry","category-aktuelles"],"_links":{"self":[{"href":"https:\/\/landmannhof.de\/index.php?rest_route=\/wp\/v2\/posts\/2892","targetHints":{"allow":["GET"]}}],"collection":[{"href":"https:\/\/landmannhof.de\/index.php?rest_route=\/wp\/v2\/posts"}],"about":[{"href":"https:\/\/landmannhof.de\/index.php?rest_route=\/wp\/v2\/types\/post"}],"author":[{"embeddable":true,"href":"https:\/\/landmannhof.de\/index.php?rest_route=\/wp\/v2\/users\/2"}],"replies":[{"embeddable":true,"href":"https:\/\/landmannhof.de\/index.php?rest_route=%2Fwp%2Fv2%2Fcomments&post=2892"}],"version-history":[{"count":1,"href":"https:\/\/landmannhof.de\/index.php?rest_route=\/wp\/v2\/posts\/2892\/revisions"}],"predecessor-version":[{"id":2893,"href":"https:\/\/landmannhof.de\/index.php?rest_route=\/wp\/v2\/posts\/2892\/revisions\/2893"}],"wp:attachment":[{"href":"https:\/\/landmannhof.de\/index.php?rest_route=%2Fwp%2Fv2%2Fmedia&parent=2892"}],"wp:term":[{"taxonomy":"category","embeddable":true,"href":"https:\/\/landmannhof.de\/index.php?rest_route=%2Fwp%2Fv2%2Fcategories&post=2892"},{"taxonomy":"post_tag","embeddable":true,"href":"https:\/\/landmannhof.de\/index.php?rest_route=%2Fwp%2Fv2%2Ftags&post=2892"}],"curies":[{"name":"wp","href":"https:\/\/api.w.org\/{rel}","templated":true}]}}